{"id":16866,"date":"2024-09-27T10:46:21","date_gmt":"2024-09-27T09:46:21","guid":{"rendered":"https:\/\/grupoprisma.com\/blog\/a-importancia-da-saude-mental-dos-trabalhadores\/"},"modified":"2025-02-12T10:50:14","modified_gmt":"2025-02-12T09:50:14","slug":"a-importancia-da-saude-mental-dos-trabalhadores","status":"publish","type":"post","link":"https:\/\/grupoprisma.com\/pt-pt\/blog\/a-importancia-da-saude-mental-dos-trabalhadores\/","title":{"rendered":"A import\u00e2ncia da sa\u00fade mental dos trabalhadores"},"content":{"rendered":"<p>[et_pb_section fb_built=&#8221;1&#8243; _builder_version=&#8221;4.14.2&#8243; _module_preset=&#8221;default&#8221; da_disable_devices=&#8221;off|off|off&#8221; global_colors_info=&#8221;{}&#8221; theme_builder_area=&#8221;post_content&#8221; da_is_popup=&#8221;off&#8221; da_exit_intent=&#8221;off&#8221; da_has_close=&#8221;on&#8221; da_alt_close=&#8221;off&#8221; da_dark_close=&#8221;off&#8221; da_not_modal=&#8221;on&#8221; da_is_singular=&#8221;off&#8221; da_with_loader=&#8221;off&#8221; da_has_shadow=&#8221;on&#8221;][et_pb_row _builder_version=&#8221;4.14.2&#8243; _module_preset=&#8221;default&#8221; global_colors_info=&#8221;{}&#8221; theme_builder_area=&#8221;post_content&#8221;][et_pb_column type=&#8221;4_4&#8243; _builder_version=&#8221;4.14.2&#8243; _module_preset=&#8221;default&#8221; global_colors_info=&#8221;{}&#8221; theme_builder_area=&#8221;post_content&#8221;][et_pb_text _builder_version=&#8221;4.14.2&#8243; _module_preset=&#8221;default&#8221; hover_enabled=&#8221;0&#8243; global_colors_info=&#8221;{}&#8221; theme_builder_area=&#8221;post_content&#8221; sticky_enabled=&#8221;0&#8243;]<\/p>\n<p style=\"text-align: justify;\">Um dos temas que mais tem gerado debate na sociedade nos \u00faltimos tempos, com uma acelera\u00e7\u00e3o nos \u00faltimos anos, derivado de m\u00faltiplos aspectos como as redes sociais ou a pandemia, \u00e9 a <strong>sa\u00fade mental<\/strong>.<\/p>\n<p style=\"text-align: justify;\">As empresas est\u00e3o a dar destaque a esta quest\u00e3o, uma vez que a <strong>sa\u00fade mental no trabalho<\/strong> \u00e9 fundamental para alcan\u00e7ar o sucesso e a sustentabilidade das organiza\u00e7\u00f5es. Com as novas gera\u00e7\u00f5es e as mudan\u00e7as na din\u00e2mica de trabalho, a import\u00e2ncia e a necessidade do <strong>bem-estar no trabalho<\/strong> t\u00eam sido destacadas, uma vez que o stress, a ansiedade e o esgotamento s\u00e3o os principais conflitos com que os trabalhadores se deparam. <\/p>\n<p style=\"text-align: justify;\">\u00c9 por isso que, neste artigo, analisamos a <strong>import\u00e2ncia de uma boa sa\u00fade mental para os trabalhadores de uma empresa<\/strong>.<\/p>\n<p style=\"text-align: justify;\">\n<h3 style=\"text-align: justify;\"><strong><u>Principais vantagens para as empresas<\/u><\/strong><\/h3>\n<p style=\"text-align: justify;\">O objetivo dos <strong>recursos humanos<\/strong> de uma organiza\u00e7\u00e3o deve ser a cria\u00e7\u00e3o de um <strong>ambiente de trabalho saud\u00e1vel<\/strong> que proporcione grandes benef\u00edcios tanto para os trabalhadores como para a empresa:<\/p>\n<p style=\"text-align: justify;\"><u>Aumento da produtividade<\/u>: Os empregados estar\u00e3o mais concentrados e motivados, cometer\u00e3o menos erros e ser\u00e3o mais eficientes nas suas tarefas.<\/p>\n<p style=\"text-align: justify;\"><u>Redu\u00e7\u00e3o do absentismo<\/u>: uma <strong>sa\u00fade mental<\/strong> deficiente pode significar que os trabalhadores faltam mais frequentemente devido ao stress, \u00e0 fadiga, \u00e0 ansiedade, etc. Por conseguinte, a promo\u00e7\u00e3o de um <strong>ambiente de trabalho<\/strong> saud\u00e1vel reduzir\u00e1 o absentismo e manter\u00e1 a continuidade dos trabalhadores nos seus empregos.<\/p>\n<p style=\"text-align: justify;\"><u>Reter talentos<\/u>: \u00c9 simples, se cuidar dos seus empregados, eles v\u00e3o querer ficar na empresa.<\/p>\n<p style=\"text-align: justify;\"><u>Melhorar a inova\u00e7\u00e3o e a criatividade<\/u>: Os trabalhadores ser\u00e3o mais criativos e incentivar\u00e3o a inova\u00e7\u00e3o, uma vez que se sentir\u00e3o mais \u201clivres\u201d e capazes de assumir riscos calculados, incentivando o desenvolvimento e o progresso da empresa.<\/p>\n<p style=\"text-align: justify;\"><u>Melhor clima de trabalho<\/u>: Os trabalhadores sentir-se-\u00e3o valorizados, ouvidos e apoiados, o que melhorar\u00e1 o <strong>ambiente de trabalho<\/strong>. Isto conduzir\u00e1 a uma redu\u00e7\u00e3o dos conflitos interpessoais e a uma melhoria das rela\u00e7\u00f5es de trabalho. <\/p>\n<p style=\"text-align: justify;\">\n<h3 style=\"text-align: justify;\"><strong><u>Principais \u00e1reas de a\u00e7\u00e3o<\/u><\/strong><\/h3>\n<p style=\"text-align: justify;\">Uma vez conhecidos os benef\u00edcios de uma <strong>boa sa\u00fade mental para os empregados<\/strong>, como \u00e9 que os conseguimos? O departamento de <strong>recursos humanos<\/strong> deve fornecer uma s\u00e9rie de ferramentas para alcan\u00e7ar o bem-estar dos seus empregados. Eis alguns exemplos de estrat\u00e9gias que os <strong>RH <\/strong>podem p\u00f4r em pr\u00e1tica:  <\/p>\n<p style=\"text-align: justify;\"><u>Programas de apoio<\/u>: A implementa\u00e7\u00e3o de ajuda e aconselhamento psicol\u00f3gico pode dar aos trabalhadores as ferramentas de que necessitam para a sua <strong>sa\u00fade mental<\/strong> e problemas relacionados com o trabalho. Cada vez mais empresas colocam psic\u00f3logos e outros profissionais de sa\u00fade \u00e0 disposi\u00e7\u00e3o dos seus empregados. <\/p>\n<p style=\"text-align: justify;\"><u>Benef\u00edcios laborais<\/u>: os aspectos salariais flex\u00edveis, como o equil\u00edbrio entre a vida profissional e familiar, os hor\u00e1rios de trabalho flex\u00edveis ou o teletrabalho, s\u00e3o op\u00e7\u00f5es para os trabalhadores equilibrarem as suas responsabilidades pessoais e profissionais.<\/p>\n<p style=\"text-align: justify;\"><u>Actividades centradas no bem-estar<\/u>: meditar todas as manh\u00e3s, workshops de gest\u00e3o de problemas, palestras de sensibiliza\u00e7\u00e3o e educa\u00e7\u00e3o para a <strong>import\u00e2ncia da sa\u00fade mental<\/strong>&#8230;<\/p>\n<p style=\"text-align: justify;\">\n<p style=\"text-align: justify;\">\u00c9 importante que as empresas discutam estas quest\u00f5es com os seus trabalhadores. Al\u00e9m disso, os trabalhadores devem tamb\u00e9m ser sensibilizados para a import\u00e2ncia de se cuidarem mentalmente. <\/p>\n<p style=\"text-align: justify;\">N\u00e3o h\u00e1 d\u00favida, mas h\u00e1 provas de que, num mercado cada vez mais competitivo, uma <strong>boa sa\u00fade mental no trabalho<\/strong> \u00e9 um <strong>fator de diferencia\u00e7\u00e3o para as empresas<\/strong>.<\/p>\n<p>[\/et_pb_text][\/et_pb_column][\/et_pb_row][\/et_pb_section]<\/p>\n","protected":false},"excerpt":{"rendered":"<p>Um dos temas que mais tem gerado debate na sociedade nos \u00faltimos tempos, com uma acelera\u00e7\u00e3o nos \u00faltimos anos, derivado de m\u00faltiplos aspectos como as redes sociais ou a pandemia, \u00e9 a sa\u00fade mental. As empresas est\u00e3o a dar destaque a esta quest\u00e3o, uma vez que a sa\u00fade mental no trabalho \u00e9 fundamental para alcan\u00e7ar [&hellip;]<\/p>\n","protected":false},"author":3,"featured_media":16205,"comment_status":"open","ping_status":"closed","sticky":false,"template":"","format":"standard","meta":{"_et_pb_use_builder":"on","_et_pb_old_content":"","_et_gb_content_width":"","footnotes":""},"categories":[241],"tags":[],"class_list":["post-16866","post","type-post","status-publish","format-standard","has-post-thumbnail","hentry","category-recursos-humanos"],"yoast_head":"<!-- This site is optimized with the Yoast SEO plugin v19.10 - https:\/\/yoast.com\/wordpress\/plugins\/seo\/ -->\r\n<title>A import\u00e2ncia da sa\u00fade mental dos trabalhadores - Grupo Prisma<\/title>\r\n<meta name=\"robots\" content=\"index, follow, max-snippet:-1, max-image-preview:large, max-video-preview:-1\" \/>\r\n<link rel=\"canonical\" href=\"https:\/\/grupoprisma.com\/pt-pt\/blog\/a-importancia-da-saude-mental-dos-trabalhadores\/\" \/>\r\n<meta property=\"og:locale\" content=\"pt_PT\" \/>\r\n<meta property=\"og:type\" content=\"article\" \/>\r\n<meta property=\"og:title\" content=\"A import\u00e2ncia da sa\u00fade mental dos trabalhadores - Grupo Prisma\" \/>\r\n<meta property=\"og:description\" content=\"Um dos temas que mais tem gerado debate na sociedade nos \u00faltimos tempos, com uma acelera\u00e7\u00e3o nos \u00faltimos anos, derivado de m\u00faltiplos aspectos como as redes sociais ou a pandemia, \u00e9 a sa\u00fade mental. As empresas est\u00e3o a dar destaque a esta quest\u00e3o, uma vez que a sa\u00fade mental no trabalho \u00e9 fundamental para alcan\u00e7ar [&hellip;]\" \/>\r\n<meta property=\"og:url\" content=\"https:\/\/grupoprisma.com\/pt-pt\/blog\/a-importancia-da-saude-mental-dos-trabalhadores\/\" \/>\r\n<meta property=\"og:site_name\" content=\"Grupo Prisma\" \/>\r\n<meta property=\"article:published_time\" content=\"2024-09-27T09:46:21+00:00\" \/>\r\n<meta property=\"article:modified_time\" content=\"2025-02-12T09:50:14+00:00\" \/>\r\n<meta property=\"og:image\" content=\"https:\/\/grupoprisma.com\/wp-content\/uploads\/2024\/09\/importancia-de-la-salud-mental-de-los-trabajadores-scaled.jpg\" \/>\r\n\t<meta property=\"og:image:width\" content=\"2560\" \/>\r\n\t<meta property=\"og:image:height\" content=\"1442\" \/>\r\n\t<meta property=\"og:image:type\" content=\"image\/jpeg\" \/>\r\n<meta name=\"author\" content=\"Mario Robledo\" \/>\r\n<meta name=\"twitter:card\" content=\"summary_large_image\" \/>\r\n<meta name=\"twitter:label1\" content=\"Escrito por\" \/>\n\t<meta name=\"twitter:data1\" content=\"Mario Robledo\" \/>\n\t<meta name=\"twitter:label2\" content=\"Tempo estimado de leitura\" \/>\n\t<meta name=\"twitter:data2\" content=\"4 minutos\" \/>\r\n<script type=\"application\/ld+json\" class=\"yoast-schema-graph\">{\"@context\":\"https:\/\/schema.org\",\"@graph\":[{\"@type\":\"Article\",\"@id\":\"https:\/\/grupoprisma.com\/pt-pt\/blog\/a-importancia-da-saude-mental-dos-trabalhadores\/#article\",\"isPartOf\":{\"@id\":\"https:\/\/grupoprisma.com\/pt-pt\/blog\/a-importancia-da-saude-mental-dos-trabalhadores\/\"},\"author\":{\"name\":\"Mario Robledo\",\"@id\":\"https:\/\/grupoprisma.com\/pt-pt\/#\/schema\/person\/d7bc69727497226cf187aeb2a013960c\"},\"headline\":\"A import\u00e2ncia da sa\u00fade mental dos trabalhadores\",\"datePublished\":\"2024-09-27T09:46:21+00:00\",\"dateModified\":\"2025-02-12T09:50:14+00:00\",\"mainEntityOfPage\":{\"@id\":\"https:\/\/grupoprisma.com\/pt-pt\/blog\/a-importancia-da-saude-mental-dos-trabalhadores\/\"},\"wordCount\":717,\"commentCount\":0,\"publisher\":{\"@id\":\"https:\/\/grupoprisma.com\/pt-pt\/#organization\"},\"articleSection\":[\"Recursos humanos\"],\"inLanguage\":\"pt-PT\",\"potentialAction\":[{\"@type\":\"CommentAction\",\"name\":\"Comment\",\"target\":[\"https:\/\/grupoprisma.com\/pt-pt\/blog\/a-importancia-da-saude-mental-dos-trabalhadores\/#respond\"]}]},{\"@type\":\"WebPage\",\"@id\":\"https:\/\/grupoprisma.com\/pt-pt\/blog\/a-importancia-da-saude-mental-dos-trabalhadores\/\",\"url\":\"https:\/\/grupoprisma.com\/pt-pt\/blog\/a-importancia-da-saude-mental-dos-trabalhadores\/\",\"name\":\"A import\u00e2ncia da sa\u00fade mental dos trabalhadores - Grupo Prisma\",\"isPartOf\":{\"@id\":\"https:\/\/grupoprisma.com\/pt-pt\/#website\"},\"datePublished\":\"2024-09-27T09:46:21+00:00\",\"dateModified\":\"2025-02-12T09:50:14+00:00\",\"inLanguage\":\"pt-PT\",\"potentialAction\":[{\"@type\":\"ReadAction\",\"target\":[\"https:\/\/grupoprisma.com\/pt-pt\/blog\/a-importancia-da-saude-mental-dos-trabalhadores\/\"]}]},{\"@type\":\"WebSite\",\"@id\":\"https:\/\/grupoprisma.com\/pt-pt\/#website\",\"url\":\"https:\/\/grupoprisma.com\/pt-pt\/\",\"name\":\"Grupo Prisma\",\"description\":\"Prisma especialistas en automoci\u00f3n\",\"publisher\":{\"@id\":\"https:\/\/grupoprisma.com\/pt-pt\/#organization\"},\"potentialAction\":[{\"@type\":\"SearchAction\",\"target\":{\"@type\":\"EntryPoint\",\"urlTemplate\":\"https:\/\/grupoprisma.com\/pt-pt\/?s={search_term_string}\"},\"query-input\":\"required name=search_term_string\"}],\"inLanguage\":\"pt-PT\"},{\"@type\":\"Organization\",\"@id\":\"https:\/\/grupoprisma.com\/pt-pt\/#organization\",\"name\":\"Grupo Prisma: Especialistas en automoci\u00f3n\",\"url\":\"https:\/\/grupoprisma.com\/pt-pt\/\",\"logo\":{\"@type\":\"ImageObject\",\"inLanguage\":\"pt-PT\",\"@id\":\"https:\/\/grupoprisma.com\/pt-pt\/#\/schema\/logo\/image\/\",\"url\":\"https:\/\/grupoprisma.com\/wp-content\/uploads\/2022\/01\/logo-de-grupo-prisma-especialistas-en-automocion.png\",\"contentUrl\":\"https:\/\/grupoprisma.com\/wp-content\/uploads\/2022\/01\/logo-de-grupo-prisma-especialistas-en-automocion.png\",\"width\":4431,\"height\":500,\"caption\":\"Grupo Prisma: Especialistas en automoci\u00f3n\"},\"image\":{\"@id\":\"https:\/\/grupoprisma.com\/pt-pt\/#\/schema\/logo\/image\/\"}},{\"@type\":\"Person\",\"@id\":\"https:\/\/grupoprisma.com\/pt-pt\/#\/schema\/person\/d7bc69727497226cf187aeb2a013960c\",\"name\":\"Mario Robledo\",\"image\":{\"@type\":\"ImageObject\",\"inLanguage\":\"pt-PT\",\"@id\":\"https:\/\/grupoprisma.com\/pt-pt\/#\/schema\/person\/image\/\",\"url\":\"https:\/\/secure.gravatar.com\/avatar\/75e42474b032be5907d8158ba3bec2f7?s=96&d=mm&r=g\",\"contentUrl\":\"https:\/\/secure.gravatar.com\/avatar\/75e42474b032be5907d8158ba3bec2f7?s=96&d=mm&r=g\",\"caption\":\"Mario Robledo\"}}]}<\/script>\r\n<!-- \/ Yoast SEO plugin. -->","yoast_head_json":{"title":"A import\u00e2ncia da sa\u00fade mental dos trabalhadores - Grupo Prisma","robots":{"index":"index","follow":"follow","max-snippet":"max-snippet:-1","max-image-preview":"max-image-preview:large","max-video-preview":"max-video-preview:-1"},"canonical":"https:\/\/grupoprisma.com\/pt-pt\/blog\/a-importancia-da-saude-mental-dos-trabalhadores\/","og_locale":"pt_PT","og_type":"article","og_title":"A import\u00e2ncia da sa\u00fade mental dos trabalhadores - Grupo Prisma","og_description":"Um dos temas que mais tem gerado debate na sociedade nos \u00faltimos tempos, com uma acelera\u00e7\u00e3o nos \u00faltimos anos, derivado de m\u00faltiplos aspectos como as redes sociais ou a pandemia, \u00e9 a sa\u00fade mental. As empresas est\u00e3o a dar destaque a esta quest\u00e3o, uma vez que a sa\u00fade mental no trabalho \u00e9 fundamental para alcan\u00e7ar [&hellip;]","og_url":"https:\/\/grupoprisma.com\/pt-pt\/blog\/a-importancia-da-saude-mental-dos-trabalhadores\/","og_site_name":"Grupo Prisma","article_published_time":"2024-09-27T09:46:21+00:00","article_modified_time":"2025-02-12T09:50:14+00:00","og_image":[{"width":2560,"height":1442,"url":"https:\/\/grupoprisma.com\/wp-content\/uploads\/2024\/09\/importancia-de-la-salud-mental-de-los-trabajadores-scaled.jpg","type":"image\/jpeg"}],"author":"Mario Robledo","twitter_card":"summary_large_image","twitter_misc":{"Escrito por":"Mario Robledo","Tempo estimado de leitura":"4 minutos"},"schema":{"@context":"https:\/\/schema.org","@graph":[{"@type":"Article","@id":"https:\/\/grupoprisma.com\/pt-pt\/blog\/a-importancia-da-saude-mental-dos-trabalhadores\/#article","isPartOf":{"@id":"https:\/\/grupoprisma.com\/pt-pt\/blog\/a-importancia-da-saude-mental-dos-trabalhadores\/"},"author":{"name":"Mario Robledo","@id":"https:\/\/grupoprisma.com\/pt-pt\/#\/schema\/person\/d7bc69727497226cf187aeb2a013960c"},"headline":"A import\u00e2ncia da sa\u00fade mental dos trabalhadores","datePublished":"2024-09-27T09:46:21+00:00","dateModified":"2025-02-12T09:50:14+00:00","mainEntityOfPage":{"@id":"https:\/\/grupoprisma.com\/pt-pt\/blog\/a-importancia-da-saude-mental-dos-trabalhadores\/"},"wordCount":717,"commentCount":0,"publisher":{"@id":"https:\/\/grupoprisma.com\/pt-pt\/#organization"},"articleSection":["Recursos humanos"],"inLanguage":"pt-PT","potentialAction":[{"@type":"CommentAction","name":"Comment","target":["https:\/\/grupoprisma.com\/pt-pt\/blog\/a-importancia-da-saude-mental-dos-trabalhadores\/#respond"]}]},{"@type":"WebPage","@id":"https:\/\/grupoprisma.com\/pt-pt\/blog\/a-importancia-da-saude-mental-dos-trabalhadores\/","url":"https:\/\/grupoprisma.com\/pt-pt\/blog\/a-importancia-da-saude-mental-dos-trabalhadores\/","name":"A import\u00e2ncia da sa\u00fade mental dos trabalhadores - Grupo Prisma","isPartOf":{"@id":"https:\/\/grupoprisma.com\/pt-pt\/#website"},"datePublished":"2024-09-27T09:46:21+00:00","dateModified":"2025-02-12T09:50:14+00:00","inLanguage":"pt-PT","potentialAction":[{"@type":"ReadAction","target":["https:\/\/grupoprisma.com\/pt-pt\/blog\/a-importancia-da-saude-mental-dos-trabalhadores\/"]}]},{"@type":"WebSite","@id":"https:\/\/grupoprisma.com\/pt-pt\/#website","url":"https:\/\/grupoprisma.com\/pt-pt\/","name":"Grupo Prisma","description":"Prisma especialistas en automoci\u00f3n","publisher":{"@id":"https:\/\/grupoprisma.com\/pt-pt\/#organization"},"potentialAction":[{"@type":"SearchAction","target":{"@type":"EntryPoint","urlTemplate":"https:\/\/grupoprisma.com\/pt-pt\/?s={search_term_string}"},"query-input":"required name=search_term_string"}],"inLanguage":"pt-PT"},{"@type":"Organization","@id":"https:\/\/grupoprisma.com\/pt-pt\/#organization","name":"Grupo Prisma: Especialistas en automoci\u00f3n","url":"https:\/\/grupoprisma.com\/pt-pt\/","logo":{"@type":"ImageObject","inLanguage":"pt-PT","@id":"https:\/\/grupoprisma.com\/pt-pt\/#\/schema\/logo\/image\/","url":"https:\/\/grupoprisma.com\/wp-content\/uploads\/2022\/01\/logo-de-grupo-prisma-especialistas-en-automocion.png","contentUrl":"https:\/\/grupoprisma.com\/wp-content\/uploads\/2022\/01\/logo-de-grupo-prisma-especialistas-en-automocion.png","width":4431,"height":500,"caption":"Grupo Prisma: Especialistas en automoci\u00f3n"},"image":{"@id":"https:\/\/grupoprisma.com\/pt-pt\/#\/schema\/logo\/image\/"}},{"@type":"Person","@id":"https:\/\/grupoprisma.com\/pt-pt\/#\/schema\/person\/d7bc69727497226cf187aeb2a013960c","name":"Mario Robledo","image":{"@type":"ImageObject","inLanguage":"pt-PT","@id":"https:\/\/grupoprisma.com\/pt-pt\/#\/schema\/person\/image\/","url":"https:\/\/secure.gravatar.com\/avatar\/75e42474b032be5907d8158ba3bec2f7?s=96&d=mm&r=g","contentUrl":"https:\/\/secure.gravatar.com\/avatar\/75e42474b032be5907d8158ba3bec2f7?s=96&d=mm&r=g","caption":"Mario Robledo"}}]}},"_links":{"self":[{"href":"https:\/\/grupoprisma.com\/pt-pt\/wp-json\/wp\/v2\/posts\/16866"}],"collection":[{"href":"https:\/\/grupoprisma.com\/pt-pt\/wp-json\/wp\/v2\/posts"}],"about":[{"href":"https:\/\/grupoprisma.com\/pt-pt\/wp-json\/wp\/v2\/types\/post"}],"author":[{"embeddable":true,"href":"https:\/\/grupoprisma.com\/pt-pt\/wp-json\/wp\/v2\/users\/3"}],"replies":[{"embeddable":true,"href":"https:\/\/grupoprisma.com\/pt-pt\/wp-json\/wp\/v2\/comments?post=16866"}],"version-history":[{"count":2,"href":"https:\/\/grupoprisma.com\/pt-pt\/wp-json\/wp\/v2\/posts\/16866\/revisions"}],"predecessor-version":[{"id":16868,"href":"https:\/\/grupoprisma.com\/pt-pt\/wp-json\/wp\/v2\/posts\/16866\/revisions\/16868"}],"wp:featuredmedia":[{"embeddable":true,"href":"https:\/\/grupoprisma.com\/pt-pt\/wp-json\/wp\/v2\/media\/16205"}],"wp:attachment":[{"href":"https:\/\/grupoprisma.com\/pt-pt\/wp-json\/wp\/v2\/media?parent=16866"}],"wp:term":[{"taxonomy":"category","embeddable":true,"href":"https:\/\/grupoprisma.com\/pt-pt\/wp-json\/wp\/v2\/categories?post=16866"},{"taxonomy":"post_tag","embeddable":true,"href":"https:\/\/grupoprisma.com\/pt-pt\/wp-json\/wp\/v2\/tags?post=16866"}],"curies":[{"name":"wp","href":"https:\/\/api.w.org\/{rel}","templated":true}]}}